{"id":1339,"date":"2016-10-04T08:26:54","date_gmt":"2016-10-04T06:26:54","guid":{"rendered":"http:\/\/amapdelalys.org\/blog\/?p=1339"},"modified":"2017-01-30T23:23:14","modified_gmt":"2017-01-30T22:23:14","slug":"belle-recolte-de-courges-2016","status":"publish","type":"post","link":"http:\/\/amapdelalys.org\/blog\/2016\/10\/belle-recolte-de-courges-2016\/","title":{"rendered":"Belle r\u00e9colte de courges 2016 !"},"content":{"rendered":"<p><a href=\"http:\/\/amapdelalys.org\/blog\/wp-content\/uploads\/2016\/10\/courges-2016.jpg\"><img loading=\"lazy\" decoding=\"async\" class=\"alignnone size-medium wp-image-1340\" src=\"http:\/\/amapdelalys.org\/blog\/wp-content\/uploads\/2016\/10\/courges-2016-300x131.jpg\" alt=\"courges-2016\" width=\"300\" height=\"131\" srcset=\"http:\/\/amapdelalys.org\/blog\/wp-content\/uploads\/2016\/10\/courges-2016-300x131.jpg 300w, http:\/\/amapdelalys.org\/blog\/wp-content\/uploads\/2016\/10\/courges-2016-1024x448.jpg 1024w\" sizes=\"auto, (max-width: 300px) 100vw, 300px\" \/><\/a><\/p>\n<p>Comme chaque ann\u00e9e, l&rsquo;atelier courge a eu lieu le premier Dimanche d&rsquo;Octobre.<\/p>\n<p>Malgr\u00e9 le temps capricieux, c&rsquo;est dans la bonne humeur et avec une grande douceur que nous avons rempli les \u00e9tag\u00e8res de la pi\u00e8ce de stockage chaude ! Vous avez remarqu\u00e9 il n&rsquo;y en a pas une de libre ;-)!<\/p>\n<p>15 jour de ventilation \u00e0 20\u00b0C vont faire s\u00e9cher ces demoiselles color\u00e9es pour leur bonne conservation. Elles viendront garnir les paniers &#8211; et les assiettes- tout l&rsquo;hiver.<\/p>\n<p>&nbsp;<\/p>\n","protected":false},"excerpt":{"rendered":"<p>Comme chaque ann\u00e9e, l&rsquo;atelier courge a eu lieu le premier Dimanche d&rsquo;Octobre. Malgr\u00e9 le temps capricieux, c&rsquo;est dans la bonne humeur et avec une grande douceur que nous avons rempli les \u00e9tag\u00e8res de la pi\u00e8ce de stockage chaude ! Vous avez remarqu\u00e9 il n&rsquo;y en a pas une de libre ;-)! 15 jour de ventilation [&hellip;]<\/p>\n","protected":false},"author":2,"featured_media":0,"comment_status":"open","ping_status":"open","sticky":false,"template":"","format":"standard","meta":{"wprm-recipe-roundup-name":"","wprm-recipe-roundup-description":"","footnotes":""},"categories":[25],"tags":[],"class_list":["post-1339","post","type-post","status-publish","format-standard","hentry","category-la-vie-de-lexploitation"],"_links":{"self":[{"href":"http:\/\/amapdelalys.org\/blog\/wp-json\/wp\/v2\/posts\/1339","targetHints":{"allow":["GET"]}}],"collection":[{"href":"http:\/\/amapdelalys.org\/blog\/wp-json\/wp\/v2\/posts"}],"about":[{"href":"http:\/\/amapdelalys.org\/blog\/wp-json\/wp\/v2\/types\/post"}],"author":[{"embeddable":true,"href":"http:\/\/amapdelalys.org\/blog\/wp-json\/wp\/v2\/users\/2"}],"replies":[{"embeddable":true,"href":"http:\/\/amapdelalys.org\/blog\/wp-json\/wp\/v2\/comments?post=1339"}],"version-history":[{"count":3,"href":"http:\/\/amapdelalys.org\/blog\/wp-json\/wp\/v2\/posts\/1339\/revisions"}],"predecessor-version":[{"id":1343,"href":"http:\/\/amapdelalys.org\/blog\/wp-json\/wp\/v2\/posts\/1339\/revisions\/1343"}],"wp:attachment":[{"href":"http:\/\/amapdelalys.org\/blog\/wp-json\/wp\/v2\/media?parent=1339"}],"wp:term":[{"taxonomy":"category","embeddable":true,"href":"http:\/\/amapdelalys.org\/blog\/wp-json\/wp\/v2\/categories?post=1339"},{"taxonomy":"post_tag","embeddable":true,"href":"http:\/\/amapdelalys.org\/blog\/wp-json\/wp\/v2\/tags?post=1339"}],"curies":[{"name":"wp","href":"https:\/\/api.w.org\/{rel}","templated":true}]}}