{"id":1827,"date":"2018-10-16T20:15:07","date_gmt":"2018-10-16T18:15:07","guid":{"rendered":"http:\/\/amapdelalys.org\/blog\/?p=1827"},"modified":"2019-02-01T17:36:30","modified_gmt":"2019-02-01T16:36:30","slug":"octobre-2018-couleurs-dautomne","status":"publish","type":"post","link":"http:\/\/amapdelalys.org\/blog\/2018\/10\/octobre-2018-couleurs-dautomne\/","title":{"rendered":"Octobre 2018 &#8211; Couleurs d&rsquo;automne"},"content":{"rendered":"<p><span style=\"color: #000000; font-family: Calibri;\">Comme chaque ann\u00e9e, la r\u00e9colte des courges marque la fin des l\u00e9gumes d\u2019\u00e9t\u00e9. Les renouvellements ont eu lieu, et l\u2019AG s\u2019est tr\u00e8s bien pass\u00e9e, je suis ravie\u00a0!!! Petit point sur les r\u00e9coltes \u00e0 venir qui vous permettra d\u2019envisager de quoi seront compos\u00e9s les paniers cet hiver\u00a0!!! <\/span><\/p>\n<p><span style=\"color: #000000; font-family: Calibri;\">\u00a0<\/span><\/p>\n<p><span style=\"color: #000000; font-family: Calibri;\"><strong>Ce qui est d\u00e9j\u00e0 r\u00e9colt\u00e9\u00a0:<\/strong> <\/span><\/p>\n<p><span style=\"color: #000000;\"><span style=\"font-family: Calibri;\">&#8211;<\/span><span style=\"font: 7pt 'Times New Roman'; margin: 0px; font-size-adjust: none; font-stretch: normal;\">\u00a0\u00a0\u00a0\u00a0\u00a0\u00a0\u00a0 <\/span><span style=\"font-family: Calibri;\">Les pommes de terre \u00e9taient en deux s\u00e9ries. Une partie (vari\u00e9t\u00e9s Ano\u00e9 et Vitabella) sur une parcelle qui a subi 30 ans de tunnels horticoles et qui ne s\u2019est pas remise malgr\u00e9 7 ans de jach\u00e8re. Ce sont celles que je vous ai distribu\u00e9 le 20 Septembre\u00a0: elles sont petites, attaqu\u00e9es par les taupins, parfois un peu malades. Je me doutais un peu de ce r\u00e9sultat, donc j\u2019avais mis l\u2019autre partie vari\u00e9t\u00e9s (Ditta, Desir\u00e9e, Cheyenne) sur une belle parcelle avec un sol bien vivant, bien fertile, qui avait re\u00e7u de la luzerne pendant deux ans. Vous aurez donc encore un fois ou deux les pommes de terre \u00ab\u00a0moches\u00a0\u00bb et ensuite on passera aux autres et l\u00e0 il y aura moins de travail d\u2019\u00e9pluchage. Vous aurez environ 5 kg\/ mois jusqu\u2019en Janvier F\u00e9vrier. En alternance avec celles d\u2019Olivier Fichaux, pour ceux qui ont command\u00e9.<\/span><\/span><\/p>\n<p><span style=\"color: #000000; font-family: Calibri;\">\u00a0<\/span><\/p>\n<p><span style=\"color: #000000;\"><span style=\"font-family: Calibri;\">&#8211;<\/span><span style=\"font: 7pt 'Times New Roman'; margin: 0px; font-size-adjust: none; font-stretch: normal;\">\u00a0\u00a0\u00a0\u00a0\u00a0\u00a0\u00a0 <\/span><span style=\"font-family: Calibri;\">Les courges r\u00e9colt\u00e9es le dimanche 30 Septembre en grand comit\u00e9 en 3h sont plus nombreuses que d\u2019habitude. Certainement gr\u00e2ce \u00e0 la chaleur. Reste \u00e0 r\u00e9ussir \u00e0 les conserver le plus longtemps possible. Chaleur et atmosph\u00e8re s\u00e8che au programme pour elles.<\/span><\/span><\/p>\n<p><a href=\"http:\/\/amapdelalys.org\/blog\/wp-content\/uploads\/2018\/10\/20180930_115747.jpg\"><img loading=\"lazy\" decoding=\"async\" class=\"alignleft size-medium wp-image-1831\" src=\"http:\/\/amapdelalys.org\/blog\/wp-content\/uploads\/2018\/10\/20180930_115747-300x225.jpg\" alt=\"\" width=\"300\" height=\"225\" srcset=\"http:\/\/amapdelalys.org\/blog\/wp-content\/uploads\/2018\/10\/20180930_115747-300x225.jpg 300w, http:\/\/amapdelalys.org\/blog\/wp-content\/uploads\/2018\/10\/20180930_115747-768x576.jpg 768w, http:\/\/amapdelalys.org\/blog\/wp-content\/uploads\/2018\/10\/20180930_115747-1024x768.jpg 1024w, http:\/\/amapdelalys.org\/blog\/wp-content\/uploads\/2018\/10\/20180930_115747-500x375.jpg 500w\" sizes=\"auto, (max-width: 300px) 100vw, 300px\" \/><\/a> <a href=\"http:\/\/amapdelalys.org\/blog\/wp-content\/uploads\/2018\/10\/20180930_133739.jpg\"><img loading=\"lazy\" decoding=\"async\" class=\"alignleft size-medium wp-image-1834\" src=\"http:\/\/amapdelalys.org\/blog\/wp-content\/uploads\/2018\/10\/20180930_133739-300x225.jpg\" alt=\"\" width=\"300\" height=\"225\" srcset=\"http:\/\/amapdelalys.org\/blog\/wp-content\/uploads\/2018\/10\/20180930_133739-300x225.jpg 300w, http:\/\/amapdelalys.org\/blog\/wp-content\/uploads\/2018\/10\/20180930_133739-768x576.jpg 768w, http:\/\/amapdelalys.org\/blog\/wp-content\/uploads\/2018\/10\/20180930_133739-1024x768.jpg 1024w, http:\/\/amapdelalys.org\/blog\/wp-content\/uploads\/2018\/10\/20180930_133739-500x375.jpg 500w\" sizes=\"auto, (max-width: 300px) 100vw, 300px\" \/><\/a> <a href=\"http:\/\/amapdelalys.org\/blog\/wp-content\/uploads\/2018\/10\/20181001_103812.jpg\"><img loading=\"lazy\" decoding=\"async\" class=\"alignleft size-medium wp-image-1835\" src=\"http:\/\/amapdelalys.org\/blog\/wp-content\/uploads\/2018\/10\/20181001_103812-300x225.jpg\" alt=\"\" width=\"300\" height=\"225\" srcset=\"http:\/\/amapdelalys.org\/blog\/wp-content\/uploads\/2018\/10\/20181001_103812-300x225.jpg 300w, http:\/\/amapdelalys.org\/blog\/wp-content\/uploads\/2018\/10\/20181001_103812-768x576.jpg 768w, http:\/\/amapdelalys.org\/blog\/wp-content\/uploads\/2018\/10\/20181001_103812-1024x768.jpg 1024w, http:\/\/amapdelalys.org\/blog\/wp-content\/uploads\/2018\/10\/20181001_103812-500x375.jpg 500w\" sizes=\"auto, (max-width: 300px) 100vw, 300px\" \/><\/a> <a href=\"http:\/\/amapdelalys.org\/blog\/wp-content\/uploads\/2018\/10\/20181002_151245-1.jpg\"><img loading=\"lazy\" decoding=\"async\" class=\"alignleft size-medium wp-image-1837\" src=\"http:\/\/amapdelalys.org\/blog\/wp-content\/uploads\/2018\/10\/20181002_151245-1-300x225.jpg\" alt=\"\" width=\"300\" height=\"225\" srcset=\"http:\/\/amapdelalys.org\/blog\/wp-content\/uploads\/2018\/10\/20181002_151245-1-300x225.jpg 300w, http:\/\/amapdelalys.org\/blog\/wp-content\/uploads\/2018\/10\/20181002_151245-1-768x576.jpg 768w, http:\/\/amapdelalys.org\/blog\/wp-content\/uploads\/2018\/10\/20181002_151245-1-1024x768.jpg 1024w, http:\/\/amapdelalys.org\/blog\/wp-content\/uploads\/2018\/10\/20181002_151245-1-500x375.jpg 500w\" sizes=\"auto, (max-width: 300px) 100vw, 300px\" \/><\/a> <a href=\"http:\/\/amapdelalys.org\/blog\/wp-content\/uploads\/2018\/10\/20180930_115724.jpg\"><img loading=\"lazy\" decoding=\"async\" class=\"alignleft size-medium wp-image-1840\" src=\"http:\/\/amapdelalys.org\/blog\/wp-content\/uploads\/2018\/10\/20180930_115724-300x225.jpg\" alt=\"\" width=\"300\" height=\"225\" srcset=\"http:\/\/amapdelalys.org\/blog\/wp-content\/uploads\/2018\/10\/20180930_115724-300x225.jpg 300w, http:\/\/amapdelalys.org\/blog\/wp-content\/uploads\/2018\/10\/20180930_115724-768x576.jpg 768w, http:\/\/amapdelalys.org\/blog\/wp-content\/uploads\/2018\/10\/20180930_115724-1024x768.jpg 1024w, http:\/\/amapdelalys.org\/blog\/wp-content\/uploads\/2018\/10\/20180930_115724-500x375.jpg 500w\" sizes=\"auto, (max-width: 300px) 100vw, 300px\" \/><\/a><\/p>\n<p>&nbsp;<\/p>\n<p>&nbsp;<\/p>\n<p>&nbsp;<\/p>\n<p>&nbsp;<\/p>\n<p>&nbsp;<\/p>\n<p>&nbsp;<\/p>\n<p>&nbsp;<\/p>\n<p>&nbsp;<\/p>\n<p>&nbsp;<\/p>\n<p>&nbsp;<\/p>\n<p>&nbsp;<\/p>\n<p>&nbsp;<\/p>\n<p>&nbsp;<\/p>\n<p>&nbsp;<\/p>\n<p>&nbsp;<\/p>\n<p>&nbsp;<\/p>\n<p>&nbsp;<\/p>\n<p>&nbsp;<\/p>\n<p>&nbsp;<\/p>\n<p>&nbsp;<\/p>\n<p>&nbsp;<\/p>\n<p>&nbsp;<\/p>\n<p>&nbsp;<\/p>\n<p>&nbsp;<\/p>\n<p>&nbsp;<\/p>\n<p>&nbsp;<\/p>\n<p>&nbsp;<\/p>\n<p>&nbsp;<\/p>\n<p>&nbsp;<\/p>\n<p>&nbsp;<\/p>\n<p>&nbsp;<\/p>\n<p>&nbsp;<\/p>\n<p>&nbsp;<\/p>\n<p>&nbsp;<\/p>\n<p>&nbsp;<\/p>\n<p>&nbsp;<\/p>\n<p>&nbsp;<\/p>\n<ul>\n<li><span style=\"color: #000000;\"><span style=\"font: 7pt 'Times New Roman'; margin: 0px; font-size-adjust: none; font-stretch: normal;\">\u00a0 <\/span><span style=\"font-family: Calibri;\">Les oignons et les \u00e9chalotes sont comme d\u2019habitude en quantit\u00e9 et en qualit\u00e9. Vous en aurez jusqu\u2019en Janvier-F\u00e9vrier pour les oignons, jusqu\u2019en Mars pour les \u00e9chalotes.<\/span><\/span><\/li>\n<\/ul>\n<p><a href=\"http:\/\/amapdelalys.org\/blog\/wp-content\/uploads\/2018\/10\/20181002_151259-e1539713376462.jpg\"><img loading=\"lazy\" decoding=\"async\" class=\"alignleft size-medium wp-image-1830\" src=\"http:\/\/amapdelalys.org\/blog\/wp-content\/uploads\/2018\/10\/20181002_151259-e1539713376462-225x300.jpg\" alt=\"\" width=\"225\" height=\"300\" srcset=\"http:\/\/amapdelalys.org\/blog\/wp-content\/uploads\/2018\/10\/20181002_151259-e1539713376462-225x300.jpg 225w, http:\/\/amapdelalys.org\/blog\/wp-content\/uploads\/2018\/10\/20181002_151259-e1539713376462-768x1024.jpg 768w\" sizes=\"auto, (max-width: 225px) 100vw, 225px\" \/><\/a><\/p>\n<p>&nbsp;<\/p>\n<p>&nbsp;<\/p>\n<p>&nbsp;<\/p>\n<p>&nbsp;<\/p>\n<p>&nbsp;<\/p>\n<p>&nbsp;<\/p>\n<p>&nbsp;<\/p>\n<p>&nbsp;<\/p>\n<p>&nbsp;<\/p>\n<p>&nbsp;<\/p>\n<p>&nbsp;<\/p>\n<p>&nbsp;<\/p>\n<p>&nbsp;<\/p>\n<p><span style=\"color: #000000; font-family: Calibri;\"><strong>Ce qui est encore au champ :<\/strong> <\/span><\/p>\n<p><span style=\"color: #000000;\"><span style=\"font-family: Calibri;\">&#8211;<\/span><span style=\"font: 7pt 'Times New Roman'; margin: 0px; font-size-adjust: none; font-stretch: normal;\">\u00a0\u00a0\u00a0\u00a0\u00a0\u00a0\u00a0 <\/span><span style=\"font-family: Calibri;\">La prochaine r\u00e9colte \u00e0 venir, ce sont les carottes. Elles ont pris beaucoup de retard avec la s\u00e9cheresse de cet \u00e9t\u00e9. C\u2019\u00e9tait tr\u00e8s compliqu\u00e9 de les faire lever. Maintenant, elles sont encore plut\u00f4t petites, mais j\u2019ai bon espoir qu\u2019elles profitent du mois d\u2019Octobre pour grossir. Le verdict dans 15 jours pour l\u2019atelier de Novembre\u00a0!!!<\/span><\/span><\/p>\n<p><span style=\"color: #000000;\"><span style=\"font-family: Calibri;\">&#8211;<\/span><span style=\"font: 7pt 'Times New Roman'; margin: 0px; font-size-adjust: none; font-stretch: normal;\">\u00a0\u00a0\u00a0\u00a0\u00a0\u00a0\u00a0 <\/span><span style=\"font-family: Calibri;\">Les panais et les salsifis sont comme d\u2019habitude. Il y en aura une fois ou deux cet hiver.<\/span><\/span><\/p>\n<p><span style=\"color: #000000;\"><span style=\"font-family: Calibri;\">&#8211;<\/span><span style=\"font: 7pt 'Times New Roman'; margin: 0px; font-size-adjust: none; font-stretch: normal;\">\u00a0\u00a0\u00a0\u00a0\u00a0\u00a0\u00a0 <\/span><span style=\"font-family: Calibri;\">Les poireaux sont beaux. Aussi beaux que l\u2019ann\u00e9e derni\u00e8re. J\u2019esp\u00e8re pouvoir vous en mettre environ 1kg toutes les deux semaines jusque fin Mars.<\/span><\/span><\/p>\n<p><span style=\"color: #000000;\"><span style=\"font-family: Calibri;\">&#8211;<\/span><span style=\"font: 7pt 'Times New Roman'; margin: 0px; font-size-adjust: none; font-stretch: normal;\">\u00a0\u00a0\u00a0\u00a0\u00a0\u00a0\u00a0 <\/span><span style=\"font-family: Calibri;\">Les choux de Bruxelles ont eu quelques petites attaques de chenilles, mais je pense que \u00e7a devrait le faire. <\/span><\/span><\/p>\n<p><span style=\"color: #000000;\"><span style=\"font-family: Calibri;\">&#8211;<\/span><span style=\"font: 7pt 'Times New Roman'; margin: 0px; font-size-adjust: none; font-stretch: normal;\">\u00a0\u00a0\u00a0\u00a0\u00a0\u00a0\u00a0 <\/span><span style=\"font-family: Calibri;\">Les choux pomm\u00e9s sont tr\u00e8s petits. Comme les carottes, ils ont manqu\u00e9 d\u2019eau. Ils ont tard\u00e9 \u00e0 pommer. Affaire \u00e0 suivre. Une chose est sure, vous ne serez pas submerg\u00e9s de choux rouges contrairement \u00e0 l\u2019ann\u00e9e derni\u00e8re.<\/span><\/span><\/p>\n<p><a href=\"http:\/\/amapdelalys.org\/blog\/wp-content\/uploads\/2018\/10\/20181002_141337.jpg\"><img loading=\"lazy\" decoding=\"async\" class=\"alignleft size-medium wp-image-1836\" src=\"http:\/\/amapdelalys.org\/blog\/wp-content\/uploads\/2018\/10\/20181002_141337-300x225.jpg\" alt=\"\" width=\"300\" height=\"225\" srcset=\"http:\/\/amapdelalys.org\/blog\/wp-content\/uploads\/2018\/10\/20181002_141337-300x225.jpg 300w, http:\/\/amapdelalys.org\/blog\/wp-content\/uploads\/2018\/10\/20181002_141337-768x576.jpg 768w, http:\/\/amapdelalys.org\/blog\/wp-content\/uploads\/2018\/10\/20181002_141337-1024x768.jpg 1024w, http:\/\/amapdelalys.org\/blog\/wp-content\/uploads\/2018\/10\/20181002_141337-500x375.jpg 500w\" sizes=\"auto, (max-width: 300px) 100vw, 300px\" \/><\/a><\/p>\n<p>&nbsp;<\/p>\n<p>&nbsp;<\/p>\n<p>&nbsp;<\/p>\n<p>&nbsp;<\/p>\n<p>&nbsp;<\/p>\n<p>&nbsp;<\/p>\n<p>&nbsp;<\/p>\n<p>&nbsp;<\/p>\n<p>&nbsp;<\/p>\n<p><span style=\"color: #000000;\"><span style=\"font-family: Calibri;\">&#8211;<\/span><span style=\"font: 7pt 'Times New Roman'; margin: 0px; font-size-adjust: none; font-stretch: normal;\">\u00a0\u00a0\u00a0\u00a0\u00a0\u00a0\u00a0 <\/span><span style=\"font-family: Calibri;\">Les navets sont peu drus, mais beaux, ainsi que les radis noirs et autres radis rave.<\/span><\/span><\/p>\n<p><span style=\"color: #000000;\"><span style=\"font-family: Calibri;\">&#8211;<\/span><span style=\"font: 7pt 'Times New Roman'; margin: 0px; font-size-adjust: none; font-stretch: normal;\">\u00a0\u00a0\u00a0\u00a0\u00a0\u00a0\u00a0 <\/span><span style=\"font-family: Calibri;\">Les betteraves rouges sont bien, il y en aura comme l\u2019ann\u00e9e derni\u00e8re, peut-\u00eatre un peu moins.<\/span><\/span><\/p>\n<p><span style=\"color: #000000;\"><span style=\"font-family: Calibri;\">&#8211;<\/span><span style=\"font: 7pt 'Times New Roman'; margin: 0px; font-size-adjust: none; font-stretch: normal;\">\u00a0\u00a0\u00a0\u00a0\u00a0\u00a0\u00a0 <\/span><span style=\"font-family: Calibri;\">Il y a aussi quelques petites originalit\u00e9s\u00a0: des choux kale, des choux rave, des cardons. Concernant ces derniers, si vous avez \u00e9t\u00e9 d\u00e9\u00e7us les ann\u00e9es pr\u00e9c\u00e9dentes, ne restez pas sur cette id\u00e9e\u00a0: Je ne connaissais pas cette culture, et je ne savais pas qu\u2019il fallait les r\u00e9colter vers D\u00e9cembre, en les faisant un peu blanchir pr\u00e9alablement au champ. A retester donc\u00a0!!!<\/span><\/span><\/p>\n<p><strong><span style=\"color: #000000; font-family: Calibri;\">Les petites choses fraiches qui poussent\u00a0:<\/span><\/strong><\/p>\n<p><span style=\"color: #000000;\"><span style=\"font-family: Calibri;\">&#8211;<\/span><span style=\"font: 7pt 'Times New Roman'; margin: 0px; font-size-adjust: none; font-stretch: normal;\">\u00a0\u00a0\u00a0\u00a0\u00a0\u00a0\u00a0 <\/span><span style=\"font-family: Calibri;\">A l\u2019ext\u00e9rieur, il y a quelques s\u00e9ries de chicor\u00e9es, d\u2019\u00e9pinards, de m\u00e2che et de laitues d\u2019automne qui devraient donner si les temp\u00e9ratures sont cl\u00e9mentes.<\/span><\/span><\/p>\n<p><span style=\"color: #000000;\"><span style=\"font-family: Calibri;\">&#8211;<\/span><span style=\"font: 7pt 'Times New Roman'; margin: 0px; font-size-adjust: none; font-stretch: normal;\">\u00a0\u00a0\u00a0\u00a0\u00a0\u00a0\u00a0 <\/span><span style=\"font-family: Calibri;\">A l\u2019int\u00e9rieur, c\u2019est d\u00e9j\u00e0 bien rempli\u00a0: \u00e9pinards, m\u00e2che, laitues, chicor\u00e9es, mizuna, namenia, pourpier, roquette, radis vont pousser tranquillement pour remplir les paniers tout l\u2019hiver.<\/span><\/span><\/p>\n<p><span style=\"color: #000000; font-family: Calibri;\">\u00a0<a href=\"http:\/\/amapdelalys.org\/blog\/wp-content\/uploads\/2018\/10\/20181002_151322-e1539713432871.jpg\"><img loading=\"lazy\" decoding=\"async\" class=\"alignleft size-medium wp-image-1839\" src=\"http:\/\/amapdelalys.org\/blog\/wp-content\/uploads\/2018\/10\/20181002_151322-e1539713432871-225x300.jpg\" alt=\"\" width=\"225\" height=\"300\" srcset=\"http:\/\/amapdelalys.org\/blog\/wp-content\/uploads\/2018\/10\/20181002_151322-e1539713432871-225x300.jpg 225w, http:\/\/amapdelalys.org\/blog\/wp-content\/uploads\/2018\/10\/20181002_151322-e1539713432871-768x1024.jpg 768w\" sizes=\"auto, (max-width: 225px) 100vw, 225px\" \/><\/a><\/span><\/p>\n<p>&nbsp;<\/p>\n<p>&nbsp;<\/p>\n<p>&nbsp;<\/p>\n<p>&nbsp;<\/p>\n<p>&nbsp;<\/p>\n<p>&nbsp;<\/p>\n<p>&nbsp;<\/p>\n<p>&nbsp;<\/p>\n<p>&nbsp;<\/p>\n<p>&nbsp;<\/p>\n<p>&nbsp;<\/p>\n<p>&nbsp;<\/p>\n<p><strong><span style=\"color: #000000; font-family: Calibri;\">Du c\u00f4t\u00e9 des poules<\/span><\/strong><\/p>\n<p><span style=\"color: #000000; font-family: Calibri;\">Vous le savez certainement, 50 de mes cocottes ont \u00e9t\u00e9 vol\u00e9es dans leur prairie. Ils ont pris toutes les plus grosses\u2026 Ca se passe de commentaires. Malgr\u00e9 tout, celles qui restent tiennent le rythme au niveau de la ponte, on est encore pas mal. C\u2019est logique. Les poules des races plus en chaire sont de moins bonnes pondeuses.<\/span><\/p>\n<p><span style=\"color: #000000; font-family: Calibri;\">Du coup je vous proposerai probablement des poules pr\u00eates \u00e0 cuire fin Octobre, mais il y aura moins de belles cocottes que les ann\u00e9es pr\u00e9c\u00e9dentes. <\/span><\/p>\n<p><span style=\"color: #000000; font-family: Calibri;\">Les jeunes poulettes achet\u00e9es en Mai commencent \u00e0 pondre doucement et vont bient\u00f4t prendre le relai. Cette ann\u00e9e, elles sont particuli\u00e8rement d\u00e9brouillardes\u00a0! Elles n\u2019arr\u00eatent pas de passer par-dessus le grillage de leur enclos\u00a0!!! Heureusement, cette ann\u00e9e il n\u2019y a pas beaucoup de cultures pr\u00e8s du poulailler\u00a0!!! Hier encore, j\u2019ai d\u00fb couvrir un engrais vert (du bl\u00e9) que j\u2019avais sem\u00e9 parce qu\u2019elles me mangeaient tout au fur et \u00e0 mesure que je semais\u00a0!!! <\/span><\/p>\n<p><a href=\"http:\/\/amapdelalys.org\/blog\/wp-content\/uploads\/2017\/07\/DSCN3079.jpg\"><img loading=\"lazy\" decoding=\"async\" class=\"alignleft size-medium wp-image-1569\" src=\"http:\/\/amapdelalys.org\/blog\/wp-content\/uploads\/2017\/07\/DSCN3079-300x225.jpg\" alt=\"\" width=\"300\" height=\"225\" srcset=\"http:\/\/amapdelalys.org\/blog\/wp-content\/uploads\/2017\/07\/DSCN3079-300x225.jpg 300w, http:\/\/amapdelalys.org\/blog\/wp-content\/uploads\/2017\/07\/DSCN3079-1024x768.jpg 1024w, http:\/\/amapdelalys.org\/blog\/wp-content\/uploads\/2017\/07\/DSCN3079.jpg 1600w\" sizes=\"auto, (max-width: 300px) 100vw, 300px\" \/><\/a><\/p>\n<p>&nbsp;<\/p>\n<p>&nbsp;<\/p>\n<p>&nbsp;<\/p>\n<p>&nbsp;<\/p>\n<p>&nbsp;<\/p>\n<p>&nbsp;<\/p>\n<p>&nbsp;<\/p>\n<p>&nbsp;<\/p>\n<p>&nbsp;<\/p>\n<p>&nbsp;<\/p>\n<p><span style=\"color: #000000; font-family: Calibri;\">\u00a0<\/span><\/p>\n<p><strong><span style=\"color: #000000; font-family: Calibri;\">Et le reste\u00a0?<\/span><\/strong><\/p>\n<p><span style=\"font-family: Calibri;\"><span style=\"color: #000000;\">Le reste du temps est consacr\u00e9 \u00e0\u2026 ma maison. Cet automne, pas de gros projets sur la ferme, je dois continuer \u00e0 avancer dans les travaux de finition. \u00a0<\/span><\/span><\/p>\n<p><span style=\"color: #000000; font-family: Calibri;\">Enfin, quand je dis peu de projets\u2026 Je compte mettre en place un r\u00e9seau d\u2019irrigation enterr\u00e9 pour desservir toutes mes parcelles. J\u2019ai trop gal\u00e9r\u00e9 cet \u00e9t\u00e9 avec les tuyaux qui fuient, qui trainent, qui cassent. Il faut professionnaliser un peu tout \u00e7a car c\u2019est pr\u00e9judiciable pour les cultures, vraiment.<\/span><\/p>\n<p><span style=\"font-family: Calibri;\"><span style=\"color: #000000;\">\u00a0Je vais continuer \u00e0 intervenir pour des formations adultes \u00e0 Lomme. <\/span><\/span><\/p>\n<p><span style=\"font-family: Calibri;\"><span style=\"color: #000000;\">Par ailleurs, je vais continuer \u00e0 participer \u00e0 des formations de conception ou r\u00e9alisation d\u2019outils auto-construits avec l\u2019Atelier Paysan (<\/span><a href=\"https:\/\/www.latelierpaysan.org\/\">https:\/\/www.latelierpaysan.org\/<\/a><\/span><span style=\"color: #000000; font-family: Calibri;\">) et notre association locale \u00ab\u00a0Etincelles Paysanne\u00a0\u00bb. <\/span><\/p>\n<p><span style=\"color: #000000; font-family: Calibri;\">Cette ann\u00e9e, le petit groupe de travail a bien am\u00e9lior\u00e9 le lit de d\u00e9sherbage (https:\/\/www.youtube.com\/watch?v=K6q_yHUdvzU). Je participerai \u00e0 cr\u00e9er ceux des autres, l\u2019ambiance est toujours sympa mais je ne vais certainement pas m\u2019\u00e9quiper cette ann\u00e9e pour deux raisons\u00a0:<\/span><\/p>\n<p><span style=\"color: #000000;\"><span style=\"font-family: Calibri;\">&#8211;<\/span><span style=\"font: 7pt 'Times New Roman'; margin: 0px; font-size-adjust: none; font-stretch: normal;\">\u00a0\u00a0\u00a0\u00a0\u00a0\u00a0\u00a0 <\/span><span style=\"font-family: Calibri;\">Bien qu\u2019auto construit, il y en a pour 2500 \u00e0 3000\u20ac de mat\u00e9riel.<\/span><\/span><\/p>\n<p><span style=\"color: #000000;\"><span style=\"font-family: Calibri;\">&#8211;<\/span><span style=\"font: 7pt 'Times New Roman'; margin: 0px; font-size-adjust: none; font-stretch: normal;\">\u00a0\u00a0\u00a0\u00a0\u00a0\u00a0\u00a0 <\/span><span style=\"font-family: Calibri;\">L\u2019utilisation de cet outil n\u00e9cessite un changement dans ma fa\u00e7on de travailler. En gros, aujourd\u2019hui je s\u00e8me mes lignes de cultures les unes \u00e0 la suite des autres sans trop me pr\u00e9occuper de l\u2019\u00e9cartement. Pour utiliser le lit de d\u00e9sherbage, il faudra que je travaille toujours avec le m\u00eame \u00e9cartement (on appelle \u00e7a \u00ab\u00a0en planche\u00a0\u00bb), ce qui n\u00e9cessite quelques modifications de mon syst\u00e8me et de mon outillage. Je vous fais cadeau des d\u00e9tails, mais si quelqu\u2019un veut en parler, je suis intarissable sur le sujet, j\u2019y pense toutes les nuits\u00a0<\/span><span style=\"margin: 0px; font-family: 'Segoe UI Emoji',sans-serif;\">&#x1f609;<\/span><span style=\"font-family: Calibri;\">\u00a0!<\/span><\/span><\/p>\n","protected":false},"excerpt":{"rendered":"<p>Comme chaque ann\u00e9e, la r\u00e9colte des courges marque la fin des l\u00e9gumes d\u2019\u00e9t\u00e9. Les renouvellements ont eu lieu, et l\u2019AG s\u2019est tr\u00e8s bien pass\u00e9e, je suis ravie\u00a0!!! Petit point sur les r\u00e9coltes \u00e0 venir qui vous permettra d\u2019envisager de quoi seront compos\u00e9s les paniers cet hiver\u00a0!!! \u00a0 Ce qui est d\u00e9j\u00e0 r\u00e9colt\u00e9\u00a0: &#8211;\u00a0\u00a0\u00a0\u00a0\u00a0\u00a0\u00a0 Les pommes [&hellip;]<\/p>\n","protected":false},"author":2,"featured_media":0,"comment_status":"open","ping_status":"open","sticky":false,"template":"","format":"standard","meta":{"wprm-recipe-roundup-name":"","wprm-recipe-roundup-description":"","footnotes":""},"categories":[24,1],"tags":[],"class_list":["post-1827","post","type-post","status-publish","format-standard","hentry","category-newsletter-dagnes","category-uncategorized"],"_links":{"self":[{"href":"http:\/\/amapdelalys.org\/blog\/wp-json\/wp\/v2\/posts\/1827","targetHints":{"allow":["GET"]}}],"collection":[{"href":"http:\/\/amapdelalys.org\/blog\/wp-json\/wp\/v2\/posts"}],"about":[{"href":"http:\/\/amapdelalys.org\/blog\/wp-json\/wp\/v2\/types\/post"}],"author":[{"embeddable":true,"href":"http:\/\/amapdelalys.org\/blog\/wp-json\/wp\/v2\/users\/2"}],"replies":[{"embeddable":true,"href":"http:\/\/amapdelalys.org\/blog\/wp-json\/wp\/v2\/comments?post=1827"}],"version-history":[{"count":5,"href":"http:\/\/amapdelalys.org\/blog\/wp-json\/wp\/v2\/posts\/1827\/revisions"}],"predecessor-version":[{"id":1845,"href":"http:\/\/amapdelalys.org\/blog\/wp-json\/wp\/v2\/posts\/1827\/revisions\/1845"}],"wp:attachment":[{"href":"http:\/\/amapdelalys.org\/blog\/wp-json\/wp\/v2\/media?parent=1827"}],"wp:term":[{"taxonomy":"category","embeddable":true,"href":"http:\/\/amapdelalys.org\/blog\/wp-json\/wp\/v2\/categories?post=1827"},{"taxonomy":"post_tag","embeddable":true,"href":"http:\/\/amapdelalys.org\/blog\/wp-json\/wp\/v2\/tags?post=1827"}],"curies":[{"name":"wp","href":"https:\/\/api.w.org\/{rel}","templated":true}]}}