{"id":1883,"date":"2019-02-01T17:26:29","date_gmt":"2019-02-01T16:26:29","guid":{"rendered":"http:\/\/amapdelalys.org\/blog\/?p=1883"},"modified":"2019-02-01T18:10:37","modified_gmt":"2019-02-01T17:10:37","slug":"janvier-2019-on-ne-sennuie-pas-meme-sil-neige","status":"publish","type":"post","link":"http:\/\/amapdelalys.org\/blog\/2019\/02\/janvier-2019-on-ne-sennuie-pas-meme-sil-neige\/","title":{"rendered":"Janvier 2019 : On ne s&rsquo;ennuie pas m\u00eame s&rsquo;il neige ;-)"},"content":{"rendered":"<p>&nbsp;<\/p>\n<p>&nbsp;<\/p>\n<p>&nbsp;<\/p>\n<p>&nbsp;<\/p>\n<p>&nbsp;<\/p>\n<p>&nbsp;<\/p>\n<p>SUR LE TERRAIN : ENDIVES, POULAILLER MOBILE, TRACTEURS, IRRIGATION ET RONCES<\/p>\n<p><a href=\"http:\/\/amapdelalys.org\/blog\/wp-content\/uploads\/2019\/02\/20190106_112112.jpg\"><img loading=\"lazy\" decoding=\"async\" class=\"alignleft size-medium wp-image-1890\" src=\"http:\/\/amapdelalys.org\/blog\/wp-content\/uploads\/2019\/02\/20190106_112112-300x169.jpg\" alt=\"\" width=\"300\" height=\"169\" srcset=\"http:\/\/amapdelalys.org\/blog\/wp-content\/uploads\/2019\/02\/20190106_112112-300x169.jpg 300w, http:\/\/amapdelalys.org\/blog\/wp-content\/uploads\/2019\/02\/20190106_112112-768x432.jpg 768w, http:\/\/amapdelalys.org\/blog\/wp-content\/uploads\/2019\/02\/20190106_112112-1024x576.jpg 1024w, http:\/\/amapdelalys.org\/blog\/wp-content\/uploads\/2019\/02\/20190106_112112-480x270.jpg 480w\" sizes=\"auto, (max-width: 300px) 100vw, 300px\" \/><\/a>Apr\u00e8s de superbes vacances en famille en Auvergne pour Noel, j&rsquo;ai commenc\u00e9 l&rsquo;ann\u00e9e avec un beau chantier de r\u00e9colte d&rsquo;endives. On avait une ligne de 50m \u00e0 faire, on en a fait deux. En deux heures. Sachant que seule, je mets environ 4 heures pour une ligne. Un grand merci \u00e0 la petite \u00e9quipe, et \u00e0 papa, pour le caf\u00e9 ;-).<\/p>\n<p>&nbsp;<\/p>\n<p>&nbsp;<\/p>\n<p>&nbsp;<\/p>\n<p>&nbsp;<\/p>\n<p><a href=\"http:\/\/amapdelalys.org\/blog\/wp-content\/uploads\/2019\/02\/20190131_113132.jpg\"><img loading=\"lazy\" decoding=\"async\" class=\"alignleft size-medium wp-image-1891\" src=\"http:\/\/amapdelalys.org\/blog\/wp-content\/uploads\/2019\/02\/20190131_113132-300x169.jpg\" alt=\"\" width=\"300\" height=\"169\" srcset=\"http:\/\/amapdelalys.org\/blog\/wp-content\/uploads\/2019\/02\/20190131_113132-300x169.jpg 300w, http:\/\/amapdelalys.org\/blog\/wp-content\/uploads\/2019\/02\/20190131_113132-768x432.jpg 768w, http:\/\/amapdelalys.org\/blog\/wp-content\/uploads\/2019\/02\/20190131_113132-1024x576.jpg 1024w, http:\/\/amapdelalys.org\/blog\/wp-content\/uploads\/2019\/02\/20190131_113132-480x270.jpg 480w\" sizes=\"auto, (max-width: 300px) 100vw, 300px\" \/><\/a>Deux semaines plus tard, voil\u00e0 les endives \u00ab\u00a0au for\u00e7age\u00a0\u00bb. Ya plus qu&rsquo;\u00e0 attendre qu&rsquo;elles poussent!<\/p>\n<p>&nbsp;<\/p>\n<blockquote><p>&nbsp;<\/p>\n<p>&nbsp;<\/p>\n<p>&nbsp;<\/p>\n<p>&gt;&gt;&gt;&gt;&gt;&gt;<\/p><\/blockquote>\n<p><a href=\"http:\/\/amapdelalys.org\/blog\/wp-content\/uploads\/2019\/01\/20190116_201110.jpg\"><img loading=\"lazy\" decoding=\"async\" class=\"alignleft size-medium wp-image-1887\" src=\"http:\/\/amapdelalys.org\/blog\/wp-content\/uploads\/2019\/01\/20190116_201110-300x169.jpg\" alt=\"\" width=\"300\" height=\"169\" srcset=\"http:\/\/amapdelalys.org\/blog\/wp-content\/uploads\/2019\/01\/20190116_201110-300x169.jpg 300w, http:\/\/amapdelalys.org\/blog\/wp-content\/uploads\/2019\/01\/20190116_201110-768x432.jpg 768w, http:\/\/amapdelalys.org\/blog\/wp-content\/uploads\/2019\/01\/20190116_201110-1024x576.jpg 1024w, http:\/\/amapdelalys.org\/blog\/wp-content\/uploads\/2019\/01\/20190116_201110-480x270.jpg 480w\" sizes=\"auto, (max-width: 300px) 100vw, 300px\" \/><\/a>Apr\u00e8s deux petits mois de vide sanitaire, les poules ont pris leurs quartiers dans le poulailler mobile. C&rsquo;est toute une histoire, car pour les changer de poulailler, il faut les prendre une par une, \u00e0 la nuit tomb\u00e9e, pour les passer du perchoir du poulailler fixe au perchoir du poulailer mobile. Et il faut les remettre dans l&rsquo;ordre, parce que les \u00ab\u00a0chefs\u00a0\u00bb tiennent \u00e0 dormir en haut!!! Dans la hi\u00e9rarchie des poules, ce qui est important, c&rsquo;est de savoir qui va faire ses besoins sur qui pendant la nuit ;-).\u00a0 C&rsquo;\u00e9tait aussi l&rsquo;occasion de les compter. Il y en a 100 tout pile ;-).<\/p>\n<p>&nbsp;<\/p>\n<p>&nbsp;<\/p>\n<p>Le poulailler n&rsquo;est pas loin du hangar alors j&rsquo;ai d\u00e9cid\u00e9 de profiter de la proximit\u00e9 de l&rsquo;\u00e9lectricit\u00e9 pour y apporter quelques am\u00e9liorations. Ben oui, pour souder, il faut de l&rsquo;\u00e9lectricit\u00e9 ;-). Pour m&rsquo;\u00e9viter de nombreux allers retours lors du d\u00e9placement de celui-ci, j&rsquo;ai fabriqu\u00e9 :<\/p>\n<ul>\n<li>Un marche-pied qu&rsquo;on peut replier (\u00e0 la place d&rsquo;une caisse, c&rsquo;est quand m\u00eame plus propre!!),<\/li>\n<li>Un support repliable pour la nouvelle cuve de r\u00e9cup\u00e9ration des eaux de pluie 350L achet\u00e9e sur le bon coin (\u00e0 la place d&rsquo;un vieux tonneau qui fuit, des palettes et un support en alu compl\u00e8tement instable)<\/li>\n<li>Deux b\u00e9quilles bien adapt\u00e9es pour caler le poulailler (\u00e0 la place des palettes lourdes et pourries\u2026)<\/li>\n<li>Et surtout, un cadenas qui essayera de m&rsquo;\u00e9viter un nouveau vol lorsque les poules retourneront dans la grande p\u00e2ture. Bon c&rsquo;est pas un coffre-fort, mais ceux qui ont fait \u00e7a sont forc\u00e9ment des fain\u00e9ants alors j&rsquo;esp\u00e8re que \u00e7a les dissuadera !! On va peut-\u00eatre aussi mettre une alarme\u2026<\/li>\n<\/ul>\n<p><a href=\"http:\/\/amapdelalys.org\/blog\/wp-content\/uploads\/2019\/02\/20190129_155638-e1549037095562.jpg\"><img loading=\"lazy\" decoding=\"async\" class=\"alignleft size-medium wp-image-1888\" src=\"http:\/\/amapdelalys.org\/blog\/wp-content\/uploads\/2019\/02\/20190129_155638-e1549037095562-169x300.jpg\" alt=\"\" width=\"169\" height=\"300\" srcset=\"http:\/\/amapdelalys.org\/blog\/wp-content\/uploads\/2019\/02\/20190129_155638-e1549037095562-169x300.jpg 169w, http:\/\/amapdelalys.org\/blog\/wp-content\/uploads\/2019\/02\/20190129_155638-e1549037095562-768x1365.jpg 768w, http:\/\/amapdelalys.org\/blog\/wp-content\/uploads\/2019\/02\/20190129_155638-e1549037095562-576x1024.jpg 576w\" sizes=\"auto, (max-width: 169px) 100vw, 169px\" \/><\/a><\/p>\n<p>&nbsp;<\/p>\n<p>&nbsp;<\/p>\n<p>&nbsp;<\/p>\n<p>&nbsp;<\/p>\n<p>&nbsp;<\/p>\n<p>&nbsp;<\/p>\n<p>&nbsp;<\/p>\n<p>&nbsp;<\/p>\n<p>&nbsp;<\/p>\n<p>&nbsp;<\/p>\n<p>AVANT<\/p>\n<p><a href=\"http:\/\/amapdelalys.org\/blog\/wp-content\/uploads\/2019\/02\/20190126_100744.jpg\"><img loading=\"lazy\" decoding=\"async\" class=\"alignleft size-medium wp-image-1892\" src=\"http:\/\/amapdelalys.org\/blog\/wp-content\/uploads\/2019\/02\/20190126_100744-300x169.jpg\" alt=\"\" width=\"300\" height=\"169\" srcset=\"http:\/\/amapdelalys.org\/blog\/wp-content\/uploads\/2019\/02\/20190126_100744-300x169.jpg 300w, http:\/\/amapdelalys.org\/blog\/wp-content\/uploads\/2019\/02\/20190126_100744-768x432.jpg 768w, http:\/\/amapdelalys.org\/blog\/wp-content\/uploads\/2019\/02\/20190126_100744-1024x576.jpg 1024w, http:\/\/amapdelalys.org\/blog\/wp-content\/uploads\/2019\/02\/20190126_100744-480x270.jpg 480w\" sizes=\"auto, (max-width: 300px) 100vw, 300px\" \/><\/a><\/p>\n<p>&nbsp;<\/p>\n<p>&nbsp;<\/p>\n<p>&nbsp;<\/p>\n<p>&nbsp;<\/p>\n<p>&nbsp;<\/p>\n<p>&nbsp;<\/p>\n<p>APRES<\/p>\n<p><a href=\"http:\/\/amapdelalys.org\/blog\/wp-content\/uploads\/2019\/02\/20190129_160211.jpg\"><img loading=\"lazy\" decoding=\"async\" class=\"alignleft size-medium wp-image-1889\" src=\"http:\/\/amapdelalys.org\/blog\/wp-content\/uploads\/2019\/02\/20190129_160211-300x169.jpg\" alt=\"\" width=\"300\" height=\"169\" srcset=\"http:\/\/amapdelalys.org\/blog\/wp-content\/uploads\/2019\/02\/20190129_160211-300x169.jpg 300w, http:\/\/amapdelalys.org\/blog\/wp-content\/uploads\/2019\/02\/20190129_160211-768x432.jpg 768w, http:\/\/amapdelalys.org\/blog\/wp-content\/uploads\/2019\/02\/20190129_160211-1024x576.jpg 1024w, http:\/\/amapdelalys.org\/blog\/wp-content\/uploads\/2019\/02\/20190129_160211-480x270.jpg 480w\" sizes=\"auto, (max-width: 300px) 100vw, 300px\" \/><\/a><\/p>\n<p>&nbsp;<\/p>\n<p>&nbsp;<\/p>\n<p>&nbsp;<\/p>\n<p>&nbsp;<\/p>\n<p>&nbsp;<\/p>\n<p>&nbsp;<\/p>\n<p>&nbsp;<\/p>\n<p>&gt;&gt;&gt;&gt;&gt;&gt;<\/p>\n<p>Comme tous les hivers, mes tracteurs m&rsquo;en font voir de toutes les couleurs\u2026 Veulent pas d\u00e9marrer, font de dr\u00f4les de bruits\u2026 J&rsquo;en ai tellement eu marre en janvier de devoir retarder des travaux, ou de gal\u00e9rer avec mes brouettes dans la neige et la boue parce qu&rsquo;aucun de ces messieurs ne voulait d\u00e9marrer que je suis en train de faire des devis pour voir si je ne pourrai pas en acheter un nouveau !!! Les prix que j&rsquo;ai pour l&rsquo;instant sont importants (plus de 30 000\u20ac!!!), alors je ne sais pas si \u00e7a va pouvoir se faire. Le probl\u00e8me c&rsquo;est qu&rsquo;il n&rsquo;existe plus beaucoup de mod\u00e8le de ce type, compact et environ 60CV. On me propose soit du microtracteur jusqu&rsquo;\u00e0 25cv et l\u00e0, ce n&rsquo;est pas assez puissant pour moi, soit une gamme \u00e0 plus de 80cv, dans des gabarits trop gros, moins maniables, difficiles \u00e0 man\u0153uvrer dans les tunnels, et cher\u2026 Je cherche une solution, technique et financi\u00e8re. Trouver quelqu&rsquo;un pour remettre les vieux en \u00e9tat ? Acheter un tracteur d&rsquo;occasion plus r\u00e9cent, mais au risque de se retrouver dans la m\u00eame situation dans quelques ann\u00e9es ? Si je trouve un mod\u00e8le neuf adapt\u00e9 \u00e0 un prix raisonnable, faire un financement participatif ? Affaire \u00e0 suivre&#8230;<\/p>\n<p>&gt;&gt;&gt;&gt;&gt;&gt;&gt;&gt;<\/p>\n<p>J&rsquo;ai aussi entam\u00e9 le travail pour installer un r\u00e9seau d&rsquo;irrigation enterr\u00e9. Cette ann\u00e9e s\u00e8che m&rsquo;a d\u00e9finitivement d\u00e9cid\u00e9e : je ne peux plus gal\u00e9rer avec des petits tuyaux qui fuient, qu&rsquo;il faut d\u00e9placer sans arr\u00eat pour aller irriguer les parcelles les plus \u00e9loign\u00e9es.\u00a0 A 300m de la pompe du forage, il n&rsquo;y a plus de pression, donc non seulement je gaspille de l&rsquo;eau avec les fuites, mais en plus c&rsquo;est mal irrigu\u00e9 car je ne peux pas utiliser les asperseurs qui demandent trop de pression. Je suis en train de faire des devis pour faire une petite tranch\u00e9e \u00e0 80cm voire 1m de profondeur et pour le mat\u00e9riel, \u00e0 savoir 200m de tuyau PE + les raccords pour avoir une sortie pratique et efficace au bout de chaque parcelle. A suivre aussi.<\/p>\n<p>&gt;&gt;&gt;&gt;&gt;&gt;&gt;&gt;<\/p>\n<p><a href=\"http:\/\/amapdelalys.org\/blog\/wp-content\/uploads\/2019\/02\/20190131_112932.jpg\"><img loading=\"lazy\" decoding=\"async\" class=\"alignleft size-medium wp-image-1893\" src=\"http:\/\/amapdelalys.org\/blog\/wp-content\/uploads\/2019\/02\/20190131_112932-300x169.jpg\" alt=\"\" width=\"300\" height=\"169\" srcset=\"http:\/\/amapdelalys.org\/blog\/wp-content\/uploads\/2019\/02\/20190131_112932-300x169.jpg 300w, http:\/\/amapdelalys.org\/blog\/wp-content\/uploads\/2019\/02\/20190131_112932-768x432.jpg 768w, http:\/\/amapdelalys.org\/blog\/wp-content\/uploads\/2019\/02\/20190131_112932-1024x576.jpg 1024w, http:\/\/amapdelalys.org\/blog\/wp-content\/uploads\/2019\/02\/20190131_112932-480x270.jpg 480w\" sizes=\"auto, (max-width: 300px) 100vw, 300px\" \/><\/a>A c\u00f4t\u00e9 de tout \u00e7a, je fais aussi du maraichage, oui, oui \ud83d\ude09 ! La saison d\u00e9marre au calme dans la p\u00e9pini\u00e8re : les premiers semis ont \u00e9t\u00e9 faits, \u00e0 savoir les poivrons et les aubergines. Je les chouchoute : 25\u00b0C, arrosage r\u00e9gulier \u00e0 l&rsquo;eau ti\u00e8de, surveillance des tables chauffantes nouvellement isol\u00e9es (avec des chutes d&rsquo;isolation de la maison).<\/p>\n<p>&nbsp;<\/p>\n<p>&nbsp;<\/p>\n<p>&nbsp;<\/p>\n<p>&nbsp;<\/p>\n<p><a href=\"http:\/\/amapdelalys.org\/blog\/wp-content\/uploads\/2019\/02\/20190121_112908.jpg\"><img loading=\"lazy\" decoding=\"async\" class=\"alignleft size-medium wp-image-1896\" src=\"http:\/\/amapdelalys.org\/blog\/wp-content\/uploads\/2019\/02\/20190121_112908-300x169.jpg\" alt=\"\" width=\"300\" height=\"169\" srcset=\"http:\/\/amapdelalys.org\/blog\/wp-content\/uploads\/2019\/02\/20190121_112908-300x169.jpg 300w, http:\/\/amapdelalys.org\/blog\/wp-content\/uploads\/2019\/02\/20190121_112908-768x432.jpg 768w, http:\/\/amapdelalys.org\/blog\/wp-content\/uploads\/2019\/02\/20190121_112908-1024x576.jpg 1024w, http:\/\/amapdelalys.org\/blog\/wp-content\/uploads\/2019\/02\/20190121_112908-480x270.jpg 480w\" sizes=\"auto, (max-width: 300px) 100vw, 300px\" \/><\/a>Kiki surveille, \u00e0 l&rsquo;aise, comme d&rsquo;habitude&#8230;<\/p>\n<p>&nbsp;<\/p>\n<p>&nbsp;<\/p>\n<p>&nbsp;<\/p>\n<p>&nbsp;<\/p>\n<p>&nbsp;<\/p>\n<p>&nbsp;<\/p>\n<p>&gt;&gt;&gt;&gt;&gt;&gt;&gt;<\/p>\n<p><a href=\"http:\/\/amapdelalys.org\/blog\/wp-content\/uploads\/2019\/02\/20190131_110846.jpg\"><img loading=\"lazy\" decoding=\"async\" class=\"alignleft size-medium wp-image-1894\" src=\"http:\/\/amapdelalys.org\/blog\/wp-content\/uploads\/2019\/02\/20190131_110846-300x169.jpg\" alt=\"\" width=\"300\" height=\"169\" srcset=\"http:\/\/amapdelalys.org\/blog\/wp-content\/uploads\/2019\/02\/20190131_110846-300x169.jpg 300w, http:\/\/amapdelalys.org\/blog\/wp-content\/uploads\/2019\/02\/20190131_110846-768x432.jpg 768w, http:\/\/amapdelalys.org\/blog\/wp-content\/uploads\/2019\/02\/20190131_110846-1024x576.jpg 1024w, http:\/\/amapdelalys.org\/blog\/wp-content\/uploads\/2019\/02\/20190131_110846-480x270.jpg 480w\" sizes=\"auto, (max-width: 300px) 100vw, 300px\" \/><\/a>A l&rsquo;ext\u00e9rieur, \u00e7a travaille aussi. Et cette ann\u00e9e, j&rsquo;ai d\u00e9cid\u00e9 de calmer les ardeurs des ronces qui prennent un peu trop d&rsquo;aisance dans le parc du poulailler fixe. Le mot \u00ab\u00a0bagarrer\u00a0\u00bb se pr\u00eate bien \u00e0 la situation, et c&rsquo;est moi qui ai gagn\u00e9 !! Je prend la r\u00e9solution de le faire plus r\u00e9guli\u00e8rement \u00e0 l&rsquo;avenir \ud83d\ude09 !<\/p>\n<p>(En photo : le tas de ronces qu&rsquo;on a pris grand plaisir \u00e0 bruler apr\u00e8s avoir tant gal\u00e9rer pour les enlever !)<\/p>\n<p>&nbsp;<\/p>\n<p>&nbsp;<\/p>\n<p>&nbsp;<\/p>\n<p>DANS LES PANIERS POUR LES DEUX MOIS A VENIR<\/p>\n<p><a href=\"http:\/\/amapdelalys.org\/blog\/wp-content\/uploads\/2019\/02\/20190131_113046.jpg\"><img loading=\"lazy\" decoding=\"async\" class=\"alignleft size-medium wp-image-1895\" src=\"http:\/\/amapdelalys.org\/blog\/wp-content\/uploads\/2019\/02\/20190131_113046-300x169.jpg\" alt=\"\" width=\"300\" height=\"169\" srcset=\"http:\/\/amapdelalys.org\/blog\/wp-content\/uploads\/2019\/02\/20190131_113046-300x169.jpg 300w, http:\/\/amapdelalys.org\/blog\/wp-content\/uploads\/2019\/02\/20190131_113046-768x432.jpg 768w, http:\/\/amapdelalys.org\/blog\/wp-content\/uploads\/2019\/02\/20190131_113046-1024x576.jpg 1024w, http:\/\/amapdelalys.org\/blog\/wp-content\/uploads\/2019\/02\/20190131_113046-480x270.jpg 480w\" sizes=\"auto, (max-width: 300px) 100vw, 300px\" \/><\/a><\/p>\n<p>&nbsp;<\/p>\n<p>&nbsp;<\/p>\n<p>&nbsp;<\/p>\n<p>&nbsp;<\/p>\n<p>&nbsp;<\/p>\n<p>Tout se passe bien dans les stocks.<\/p>\n<ul>\n<li>Il y a encore pas mal de carottes, betteraves rouges, c\u00e9leris, oignons, \u00e9chalotes, courges, chou rave&#8230;<\/li>\n<li>Les navets, c&rsquo;est bient\u00f4t termin\u00e9, ainsi que les daikons\u2026 Encore une distribution.<\/li>\n<li>Les choux pomm\u00e9s ont du mal \u00e0 conserver, mais il en reste pour encore au moins une distribution.<\/li>\n<li>Stock moyen de pommes de terre, encore un grosse distribution.<\/li>\n<li>A l&rsquo;ext\u00e9rieur, en terre, il y a encore beaucoup de poireaux, une ou deux distributions de choux de Bruxelles, une distribution de salsifis, une distribution de radis noirs et beaucoup de topinambours.<\/li>\n<li>A l&rsquo;int\u00e9rieur, en terre, les petites verdures poussent doucement. Le manque de lumi\u00e8re et de chaleur font v\u00e9g\u00e9ter la m\u00e2che, la roquette, les mescluns asiatiques (mizuna, nam\u00e9nia), le persil, l&rsquo;ail frais&#8230; Ils vont arriver mais il faudra de la patience\u2026<\/li>\n<li>J&rsquo;ai mis au chaud plusieurs s\u00e9ries successives d&rsquo;\u00e9chalottes vertes, \u00e7a, \u00e7a devrait arriver bient\u00f4t\u2026<\/li>\n<\/ul>\n<p>Et apr\u00e8s tout \u00e7a, on commencera les distributions une semaine sur deux (\u00e0 partir d&rsquo;Avril). La belle saison est encore loin, mais les semis de poivrons et d&rsquo;aubergines font r\u00eaver de ratatouilles ;-)!<\/p>\n<p>En attendant, pourquoi pas une bonne soupe au chou ? Oui ? Cliquez l\u00e0 :<\/p>\n<p><span id=\"sample-permalink\"><a href=\"http:\/\/amapdelalys.org\/blog\/2019\/02\/1902\/\">http:\/\/amapdelalys.org\/blog\/2019\/02\/<span id=\"editable-post-name\">1902<\/span>\/<\/a><\/span><\/p>\n<p>&nbsp;<\/p>\n<p>&nbsp;<\/p>\n<p>&nbsp;<\/p>\n","protected":false},"excerpt":{"rendered":"<p>&nbsp; &nbsp; &nbsp; &nbsp; &nbsp; &nbsp; SUR LE TERRAIN : ENDIVES, POULAILLER MOBILE, TRACTEURS, IRRIGATION ET RONCES Apr\u00e8s de superbes vacances en famille en Auvergne pour Noel, j&rsquo;ai commenc\u00e9 l&rsquo;ann\u00e9e avec un beau chantier de r\u00e9colte d&rsquo;endives. On avait une ligne de 50m \u00e0 faire, on en a fait deux. En deux heures. Sachant que [&hellip;]<\/p>\n","protected":false},"author":2,"featured_media":1898,"comment_status":"open","ping_status":"open","sticky":false,"template":"","format":"standard","meta":{"wprm-recipe-roundup-name":"","wprm-recipe-roundup-description":"","footnotes":""},"categories":[24,1],"tags":[],"class_list":["post-1883","post","type-post","status-publish","format-standard","has-post-thumbnail","hentry","category-newsletter-dagnes","category-uncategorized"],"_links":{"self":[{"href":"http:\/\/amapdelalys.org\/blog\/wp-json\/wp\/v2\/posts\/1883","targetHints":{"allow":["GET"]}}],"collection":[{"href":"http:\/\/amapdelalys.org\/blog\/wp-json\/wp\/v2\/posts"}],"about":[{"href":"http:\/\/amapdelalys.org\/blog\/wp-json\/wp\/v2\/types\/post"}],"author":[{"embeddable":true,"href":"http:\/\/amapdelalys.org\/blog\/wp-json\/wp\/v2\/users\/2"}],"replies":[{"embeddable":true,"href":"http:\/\/amapdelalys.org\/blog\/wp-json\/wp\/v2\/comments?post=1883"}],"version-history":[{"count":8,"href":"http:\/\/amapdelalys.org\/blog\/wp-json\/wp\/v2\/posts\/1883\/revisions"}],"predecessor-version":[{"id":1906,"href":"http:\/\/amapdelalys.org\/blog\/wp-json\/wp\/v2\/posts\/1883\/revisions\/1906"}],"wp:featuredmedia":[{"embeddable":true,"href":"http:\/\/amapdelalys.org\/blog\/wp-json\/wp\/v2\/media\/1898"}],"wp:attachment":[{"href":"http:\/\/amapdelalys.org\/blog\/wp-json\/wp\/v2\/media?parent=1883"}],"wp:term":[{"taxonomy":"category","embeddable":true,"href":"http:\/\/amapdelalys.org\/blog\/wp-json\/wp\/v2\/categories?post=1883"},{"taxonomy":"post_tag","embeddable":true,"href":"http:\/\/amapdelalys.org\/blog\/wp-json\/wp\/v2\/tags?post=1883"}],"curies":[{"name":"wp","href":"https:\/\/api.w.org\/{rel}","templated":true}]}}