{"id":2671,"date":"2026-03-11T19:08:33","date_gmt":"2026-03-11T18:08:33","guid":{"rendered":"http:\/\/amapdelalys.org\/blog\/?p=2671"},"modified":"2026-03-11T19:08:33","modified_gmt":"2026-03-11T18:08:33","slug":"panier-du-12-mars-2026","status":"publish","type":"post","link":"http:\/\/amapdelalys.org\/blog\/2026\/03\/panier-du-12-mars-2026\/","title":{"rendered":"Panier du 12 mars 2026"},"content":{"rendered":"<div class=\"postie-post\">\n<div>\n<div dir=\"auto\">Bonjour les amapiens ! <\/p>\n<p>Le printemps est en avance, alors on continue de d\u00e9stocker : <\/p>\n<p>&#8211; carottes <br \/>&#8211; poireaux ou c\u00e9leris <br \/>&#8211; pommes de terre<br \/>&#8211; verdure (les jeunes pousses d&rsquo;hiver sont en train de monter \u00e0 cause de la chaleur &#x2600;&#xfe0f;)<br \/>&#8211; courges *2<br \/>&#8211; peut-\u00eatre un autre l\u00e9gume<\/p>\n<\/div>\n<\/div>\n<div class=\"postie-attachments\"><a href=\"http:\/\/amapdelalys.org\/blog\/?attachment_id=2672\"><img decoding=\"async\" src=\"http:\/\/amapdelalys.org\/blog\/wp-content\/uploads\/2026\/03\/IMG-20260311-WA0000-169x300.jpg\" alt=\"\" width=\"169px\" height=\"300px\" class=\"alignnone size-medium wp-image-2672\" srcset=\"http:\/\/amapdelalys.org\/blog\/wp-content\/uploads\/2026\/03\/IMG-20260311-WA0000-169x300.jpg 169w, http:\/\/amapdelalys.org\/blog\/wp-content\/uploads\/2026\/03\/IMG-20260311-WA0000-576x1024.jpg 576w, http:\/\/amapdelalys.org\/blog\/wp-content\/uploads\/2026\/03\/IMG-20260311-WA0000-768x1365.jpg 768w, http:\/\/amapdelalys.org\/blog\/wp-content\/uploads\/2026\/03\/IMG-20260311-WA0000-864x1536.jpg 864w, http:\/\/amapdelalys.org\/blog\/wp-content\/uploads\/2026\/03\/IMG-20260311-WA0000-624x1109.jpg 624w, http:\/\/amapdelalys.org\/blog\/wp-content\/uploads\/2026\/03\/IMG-20260311-WA0000.jpg 1080w\" sizes=\"(max-width: 169px) 100vw, 169px\" \/><\/a><\/div>\n<\/div>\n","protected":false},"excerpt":{"rendered":"<p>Bonjour les amapiens ! Le printemps est en avance, alors on continue de d\u00e9stocker : &#8211; carottes &#8211; poireaux ou c\u00e9leris &#8211; pommes de terre&#8211; verdure (les jeunes pousses d&rsquo;hiver sont en train de monter \u00e0 cause de la chaleur &#x2600;&#xfe0f;)&#8211; courges *2&#8211; peut-\u00eatre un autre l\u00e9gume<\/p>\n","protected":false},"author":880,"featured_media":0,"comment_status":"closed","ping_status":"","sticky":false,"template":"","format":"standard","meta":{"wprm-recipe-roundup-name":"","wprm-recipe-roundup-description":"","footnotes":""},"categories":[3],"tags":[],"class_list":["post-2671","post","type-post","status-publish","format-standard","hentry","category-les-paniers"],"_links":{"self":[{"href":"http:\/\/amapdelalys.org\/blog\/wp-json\/wp\/v2\/posts\/2671","targetHints":{"allow":["GET"]}}],"collection":[{"href":"http:\/\/amapdelalys.org\/blog\/wp-json\/wp\/v2\/posts"}],"about":[{"href":"http:\/\/amapdelalys.org\/blog\/wp-json\/wp\/v2\/types\/post"}],"author":[{"embeddable":true,"href":"http:\/\/amapdelalys.org\/blog\/wp-json\/wp\/v2\/users\/880"}],"replies":[{"embeddable":true,"href":"http:\/\/amapdelalys.org\/blog\/wp-json\/wp\/v2\/comments?post=2671"}],"version-history":[{"count":0,"href":"http:\/\/amapdelalys.org\/blog\/wp-json\/wp\/v2\/posts\/2671\/revisions"}],"wp:attachment":[{"href":"http:\/\/amapdelalys.org\/blog\/wp-json\/wp\/v2\/media?parent=2671"}],"wp:term":[{"taxonomy":"category","embeddable":true,"href":"http:\/\/amapdelalys.org\/blog\/wp-json\/wp\/v2\/categories?post=2671"},{"taxonomy":"post_tag","embeddable":true,"href":"http:\/\/amapdelalys.org\/blog\/wp-json\/wp\/v2\/tags?post=2671"}],"curies":[{"name":"wp","href":"https:\/\/api.w.org\/{rel}","templated":true}]}}