{"id":516,"date":"2014-10-15T09:22:56","date_gmt":"2014-10-15T07:22:56","guid":{"rendered":"http:\/\/amapdelalys.org\/blog\/?p=516"},"modified":"2014-10-15T09:22:56","modified_gmt":"2014-10-15T07:22:56","slug":"la-celtuce","status":"publish","type":"post","link":"http:\/\/amapdelalys.org\/blog\/2014\/10\/la-celtuce\/","title":{"rendered":"La celtuce"},"content":{"rendered":"<p><a href=\"http:\/\/amapdelalys.org\/blog\/wp-content\/uploads\/2014\/10\/800px-Celtuce.jpg\"><img loading=\"lazy\" decoding=\"async\" class=\"alignleft wp-image-517 size-medium\" src=\"http:\/\/amapdelalys.org\/blog\/wp-content\/uploads\/2014\/10\/800px-Celtuce-135x300.jpg\" alt=\"800px-Celtuce\" width=\"135\" height=\"300\" \/><\/a>\u00a0La Celtuce fait partie de la famille des laitues.\u00a0A ce titre, elle\u00a0est aussi appel\u00e9e laitue asperge.\u00a0 Au lieu de former une pomme comme toutes les laitues, elle monte directement sur une tige \u00e9paisse et\u00a0tendre. Ce ne sont donc pas les feuilles que l&rsquo;on consomme mais bien la tige. Tr\u00e8s commune en Asie, elle est riche en vitamines, potassium et magn\u00e9sium.<\/p>\n<p>On la consomme g\u00e9n\u00e9ralement cuite \u00e0 la fa\u00e7on d&rsquo;une asperge. Il est tr\u00e8s important de BIEN l&rsquo;EPLUCHER car sa peau est fibreuse. Avant de l&rsquo;accomoder dans un plat, on vous conseille de la cuire pour qu&rsquo;elle soit tendre (comme une asperge) :\u00a0\u00e0 la vapeur ou \u00e0 l&rsquo;eau, \u00e0 vous de voir !<\/p>\n<p>Une fois cela fait, de nombreuses possibilit\u00e9s s&rsquo;offrent \u00e0 vous avec ce l\u00e9gume original :<\/p>\n<p>&#8211; A la Fran\u00e7aise : couper la tige en tron\u00e7ons,\u00a0la cuire\u00a0puis\u00a0la faire revenir avec du lard.<\/p>\n<p>&#8211; Au Wok : couper la tige en lamelles dans le sens de la longueur (avec un \u00e9conome, type \u00ab\u00a0tagliatelles\u00a0\u00bb), les cuire, les faire revenir au Wok avec les l\u00e9gumes de votre choix et une sauce asiatique.<\/p>\n<p>&#8211; A la muscade\u00a0: couper la tige en 4 dans le sens de la longueur, la cuire.\u00a0D\u00e9poser les b\u00e2tons dans un plat et arroser de beurre pr\u00e9alablement fondu et muscad\u00e9.<\/p>\n<p>Bref, Bon app\u00e9tit !<\/p>\n<p><a href=\"http:\/\/amapdelalys.org\/forum\/\">Partagez vos recettes et vos commentaires sur le forum du site!<\/a><\/p>\n","protected":false},"excerpt":{"rendered":"<p>\u00a0La Celtuce fait partie de la famille des laitues.\u00a0A ce titre, elle\u00a0est aussi appel\u00e9e laitue asperge.\u00a0 Au lieu de former une pomme comme toutes les laitues, elle monte directement sur une tige \u00e9paisse et\u00a0tendre. Ce ne sont donc pas les feuilles que l&rsquo;on consomme mais bien la tige. Tr\u00e8s commune en Asie, elle est riche [&hellip;]<\/p>\n","protected":false},"author":2,"featured_media":0,"comment_status":"open","ping_status":"open","sticky":false,"template":"","format":"standard","meta":{"wprm-recipe-roundup-name":"","wprm-recipe-roundup-description":"","footnotes":""},"categories":[6],"tags":[],"class_list":["post-516","post","type-post","status-publish","format-standard","hentry","category-cest-quoi-ce-legume"],"_links":{"self":[{"href":"http:\/\/amapdelalys.org\/blog\/wp-json\/wp\/v2\/posts\/516","targetHints":{"allow":["GET"]}}],"collection":[{"href":"http:\/\/amapdelalys.org\/blog\/wp-json\/wp\/v2\/posts"}],"about":[{"href":"http:\/\/amapdelalys.org\/blog\/wp-json\/wp\/v2\/types\/post"}],"author":[{"embeddable":true,"href":"http:\/\/amapdelalys.org\/blog\/wp-json\/wp\/v2\/users\/2"}],"replies":[{"embeddable":true,"href":"http:\/\/amapdelalys.org\/blog\/wp-json\/wp\/v2\/comments?post=516"}],"version-history":[{"count":1,"href":"http:\/\/amapdelalys.org\/blog\/wp-json\/wp\/v2\/posts\/516\/revisions"}],"predecessor-version":[{"id":518,"href":"http:\/\/amapdelalys.org\/blog\/wp-json\/wp\/v2\/posts\/516\/revisions\/518"}],"wp:attachment":[{"href":"http:\/\/amapdelalys.org\/blog\/wp-json\/wp\/v2\/media?parent=516"}],"wp:term":[{"taxonomy":"category","embeddable":true,"href":"http:\/\/amapdelalys.org\/blog\/wp-json\/wp\/v2\/categories?post=516"},{"taxonomy":"post_tag","embeddable":true,"href":"http:\/\/amapdelalys.org\/blog\/wp-json\/wp\/v2\/tags?post=516"}],"curies":[{"name":"wp","href":"https:\/\/api.w.org\/{rel}","templated":true}]}}