{"id":741,"date":"2015-04-03T14:28:57","date_gmt":"2015-04-03T12:28:57","guid":{"rendered":"http:\/\/amapdelalys.org\/blog\/?p=741"},"modified":"2015-04-03T14:34:46","modified_gmt":"2015-04-03T12:34:46","slug":"notre-stand-le-21-mars-au-marche-dhalluin","status":"publish","type":"post","link":"http:\/\/amapdelalys.org\/blog\/2015\/04\/notre-stand-le-21-mars-au-marche-dhalluin\/","title":{"rendered":"Notre stand le 21 mars au march\u00e9 d&rsquo;Halluin"},"content":{"rendered":"<p><a href=\"http:\/\/amapdelalys.org\/blog\/wp-content\/uploads\/2015\/04\/11080861_840450806020430_6692465553960282465_o.jpg\"><img loading=\"lazy\" decoding=\"async\" class=\" size-thumbnail wp-image-744 alignleft\" src=\"http:\/\/amapdelalys.org\/blog\/wp-content\/uploads\/2015\/04\/11080861_840450806020430_6692465553960282465_o-150x150.jpg\" alt=\"11080861_840450806020430_6692465553960282465_o\" width=\"150\" height=\"150\" \/><\/a><\/p>\n<p>&nbsp;<\/p>\n<p><a href=\"http:\/\/amapdelalys.org\/blog\/wp-content\/uploads\/2015\/04\/11078130_840450549353789_5890636216378741012_o.jpg\"><img loading=\"lazy\" decoding=\"async\" class=\"alignright size-thumbnail wp-image-743\" src=\"http:\/\/amapdelalys.org\/blog\/wp-content\/uploads\/2015\/04\/11078130_840450549353789_5890636216378741012_o-150x150.jpg\" alt=\"11078130_840450549353789_5890636216378741012_o\" width=\"150\" height=\"150\" \/><\/a>Nous avons particip\u00e9 \u00e0 la semaine alternative aux pesticides en distribuant de la soupe et du caf\u00e9 bio le 21 mars pendant le march\u00e9 d&rsquo;Halluin.<\/p>\n<p>Nous avons mont\u00e9 un stand et distribu\u00e9 20 litres de soupe et 10 litres de caf\u00e9 pendant 4 heures.<\/p>\n<p>Nous avons discut\u00e9 avec les passants et rencontr\u00e9s de nouvelles personnes int\u00e9ress\u00e9es par l&rsquo;amap.<\/p>\n","protected":false},"excerpt":{"rendered":"<p>&nbsp; Nous avons particip\u00e9 \u00e0 la semaine alternative aux pesticides en distribuant de la soupe et du caf\u00e9 bio le 21 mars pendant le march\u00e9 d&rsquo;Halluin. Nous avons mont\u00e9 un stand et distribu\u00e9 20 litres de soupe et 10 litres de caf\u00e9 pendant 4 heures. Nous avons discut\u00e9 avec les passants et rencontr\u00e9s de nouvelles [&hellip;]<\/p>\n","protected":false},"author":1,"featured_media":0,"comment_status":"open","ping_status":"open","sticky":false,"template":"","format":"standard","meta":{"wprm-recipe-roundup-name":"","wprm-recipe-roundup-description":"","footnotes":""},"categories":[2],"tags":[],"class_list":["post-741","post","type-post","status-publish","format-standard","hentry","category-evenements"],"_links":{"self":[{"href":"http:\/\/amapdelalys.org\/blog\/wp-json\/wp\/v2\/posts\/741","targetHints":{"allow":["GET"]}}],"collection":[{"href":"http:\/\/amapdelalys.org\/blog\/wp-json\/wp\/v2\/posts"}],"about":[{"href":"http:\/\/amapdelalys.org\/blog\/wp-json\/wp\/v2\/types\/post"}],"author":[{"embeddable":true,"href":"http:\/\/amapdelalys.org\/blog\/wp-json\/wp\/v2\/users\/1"}],"replies":[{"embeddable":true,"href":"http:\/\/amapdelalys.org\/blog\/wp-json\/wp\/v2\/comments?post=741"}],"version-history":[{"count":4,"href":"http:\/\/amapdelalys.org\/blog\/wp-json\/wp\/v2\/posts\/741\/revisions"}],"predecessor-version":[{"id":747,"href":"http:\/\/amapdelalys.org\/blog\/wp-json\/wp\/v2\/posts\/741\/revisions\/747"}],"wp:attachment":[{"href":"http:\/\/amapdelalys.org\/blog\/wp-json\/wp\/v2\/media?parent=741"}],"wp:term":[{"taxonomy":"category","embeddable":true,"href":"http:\/\/amapdelalys.org\/blog\/wp-json\/wp\/v2\/categories?post=741"},{"taxonomy":"post_tag","embeddable":true,"href":"http:\/\/amapdelalys.org\/blog\/wp-json\/wp\/v2\/tags?post=741"}],"curies":[{"name":"wp","href":"https:\/\/api.w.org\/{rel}","templated":true}]}}